{"id":1084663,"date":"2024-01-02T15:17:03","date_gmt":"2024-01-02T14:17:03","guid":{"rendered":"https:\/\/zsp5.zory.pl\/?p=1084663"},"modified":"2024-09-23T16:58:14","modified_gmt":"2024-09-23T14:58:14","slug":"dyzur-wakacyjny-w-przedszkolu-nr-12","status":"publish","type":"post","link":"https:\/\/zsp5.zory.pl\/?p=1084663","title":{"rendered":"Dy\u017cur wakacyjny w Przedszkolu nr 12"},"content":{"rendered":"\n<p>W 2024 roku \u017corskie przedszkola b\u0119d\u0105 pe\u0142ni\u0142y dy\u017cury wakacyjne w poni\u017cszych terminach.<\/p>\n\n\n\n<p>Informacja o sposobie zapis\u00f3w pojawi si\u0119 z odpowiednim wyprzedzeniem.<\/p>\n\n\n\n<p>O przyj\u0119ciu dziecka na dy\u017cur decydowa\u0107 b\u0119dzie kolejno\u015b\u0107 zg\u0142osze\u0144.<\/p>\n\n\n\n<figure class=\"wp-block-image size-full\"><img loading=\"lazy\" decoding=\"async\" width=\"723\" height=\"325\" src=\"https:\/\/zsp5.zory.pl\/wp-content\/uploads\/2024\/01\/image.png\" alt=\"\" class=\"wp-image-1084676\" srcset=\"https:\/\/zsp5.zory.pl\/wp-content\/uploads\/2024\/01\/image.png 723w, https:\/\/zsp5.zory.pl\/wp-content\/uploads\/2024\/01\/image-480x216.png 480w\" sizes=\"(min-width: 0px) and (max-width: 480px) 480px, (min-width: 481px) 723px, 100vw\" \/><\/figure>\n","protected":false},"excerpt":{"rendered":"<p>W 2024 roku \u017corskie przedszkola b\u0119d\u0105 pe\u0142ni\u0142y dy\u017cury wakacyjne w poni\u017cszych terminach. Informacja o sposobie zapis\u00f3w pojawi si\u0119 z odpowiednim wyprzedzeniem. O przyj\u0119ciu dziecka na dy\u017cur decydowa\u0107 b\u0119dzie kolejno\u015b\u0107 zg\u0142osze\u0144.<\/p>\n","protected":false},"author":6,"featured_media":0,"comment_status":"closed","ping_status":"open","sticky":false,"template":"","format":"standard","meta":{"_et_pb_use_builder":"","_et_pb_old_content":"","_et_gb_content_width":"","footnotes":""},"categories":[2,261,262,263,264,360,4,267,82],"tags":[],"class_list":["post-1084663","post","type-post","status-publish","format-standard","hentry","category-aktualnosci","category-grupa-a-kotki","category-grupa-b-biedronki","category-grupa-c-zabki","category-grupa-d-smerfy","category-grupa_sloneczka","category-grupy_aktualnosci","category-przedszkole-nr-12","category-sp5-zory"],"_links":{"self":[{"href":"https:\/\/zsp5.zory.pl\/index.php?rest_route=\/wp\/v2\/posts\/1084663","targetHints":{"allow":["GET"]}}],"collection":[{"href":"https:\/\/zsp5.zory.pl\/index.php?rest_route=\/wp\/v2\/posts"}],"about":[{"href":"https:\/\/zsp5.zory.pl\/index.php?rest_route=\/wp\/v2\/types\/post"}],"author":[{"embeddable":true,"href":"https:\/\/zsp5.zory.pl\/index.php?rest_route=\/wp\/v2\/users\/6"}],"replies":[{"embeddable":true,"href":"https:\/\/zsp5.zory.pl\/index.php?rest_route=%2Fwp%2Fv2%2Fcomments&post=1084663"}],"version-history":[{"count":2,"href":"https:\/\/zsp5.zory.pl\/index.php?rest_route=\/wp\/v2\/posts\/1084663\/revisions"}],"predecessor-version":[{"id":1084677,"href":"https:\/\/zsp5.zory.pl\/index.php?rest_route=\/wp\/v2\/posts\/1084663\/revisions\/1084677"}],"wp:attachment":[{"href":"https:\/\/zsp5.zory.pl\/index.php?rest_route=%2Fwp%2Fv2%2Fmedia&parent=1084663"}],"wp:term":[{"taxonomy":"category","embeddable":true,"href":"https:\/\/zsp5.zory.pl\/index.php?rest_route=%2Fwp%2Fv2%2Fcategories&post=1084663"},{"taxonomy":"post_tag","embeddable":true,"href":"https:\/\/zsp5.zory.pl\/index.php?rest_route=%2Fwp%2Fv2%2Ftags&post=1084663"}],"curies":[{"name":"wp","href":"https:\/\/api.w.org\/{rel}","templated":true}]}}