{"id":1084654,"date":"2023-12-21T11:03:25","date_gmt":"2023-12-21T10:03:25","guid":{"rendered":"https:\/\/zsp5.zory.pl\/?p=1084654"},"modified":"2023-12-21T11:10:55","modified_gmt":"2023-12-21T10:10:55","slug":"dzialania-wychowawcze-w-styczniu_sloneczka","status":"publish","type":"post","link":"https:\/\/zsp5.zory.pl\/?p=1084654","title":{"rendered":"Dzia\u0142ania wychowawcze w styczniu_S\u0142oneczka"},"content":{"rendered":"\n<p>Kr\u0105g tematyczny : Tak mija nam czas<br>Cele:<\/p>\n\n\n\n<p>Cele:<\/p>\n\n\n\n<ul class=\"wp-block-list\">\n<li>rozwijanie mowy,<\/li>\n\n\n\n<li>poznanie p\u00f3r dnia, nazw dni tygodnia,<\/li>\n\n\n\n<li>budzenie zainteresowania up\u0142ywem czasu.<\/li>\n<\/ul>\n\n\n\n<p>Kr\u0105g tematyczny: Zwierz\u0119ta zim\u0105<\/p>\n\n\n\n<ul class=\"wp-block-list\">\n<li>rozwijanie mowy,<\/li>\n\n\n\n<li>zdobywanie informacji na temat prawid\u0142owego dokarmiania ptak\u00f3w,<\/li>\n\n\n\n<li>poznanie zimowych zwyczaj\u00f3w zwierz\u0105t.<\/li>\n<\/ul>\n\n\n\n<p>Kr\u0105g tematyczny: Kim s\u0105 rodzice moich rodzic\u00f3w?<\/p>\n\n\n\n<ul class=\"wp-block-list\">\n<li>rozwijanie mowy i my\u015blenia,<\/li>\n\n\n\n<li>nauka umiej\u0119tno\u015bci wypowiadania si\u0119 na temat np. swoich dziadk\u00f3w,<\/li>\n\n\n\n<li>nauka wierszy, piosenek i zabaw \u2013 przygotowanie do uroczysto\u015bci Dnia Babci i Dziadka.<\/li>\n<\/ul>\n\n\n\n<p>Kr\u0105g tematyczny: Fryzjer, weterynarz czy lekarz?<\/p>\n\n\n\n<ul class=\"wp-block-list\">\n<li>aktywnie uczestniczenie w Dniu Babci i Dziadka,<\/li>\n\n\n\n<li>nazywa zawody, kt\u00f3rymi jest zainteresowane,<\/li>\n\n\n\n<li>uczestniczy w balu.<\/li>\n<\/ul>\n\n\n\n<p>Wydarzenia \u2013 grudzie\u0144<\/p>\n\n\n\n<ul class=\"wp-block-list\">\n<li>23.01,2024 r. \u2013 Dzie\u0144 Babci i Dziadka w przedszkolu<\/li>\n\n\n\n<li>24.01.2024 r. \u2013 Bal przebiera\u0144c\u00f3w.<\/li>\n<\/ul>\n","protected":false},"excerpt":{"rendered":"<p>Kr\u0105g tematyczny : Tak mija nam czasCele: Cele: Kr\u0105g tematyczny: Zwierz\u0119ta zim\u0105 Kr\u0105g tematyczny: Kim s\u0105 rodzice moich rodzic\u00f3w? Kr\u0105g tematyczny: Fryzjer, weterynarz czy lekarz? Wydarzenia \u2013 grudzie\u0144<\/p>\n","protected":false},"author":6,"featured_media":0,"comment_status":"closed","ping_status":"open","sticky":false,"template":"","format":"standard","meta":{"_et_pb_use_builder":"","_et_pb_old_content":"","_et_gb_content_width":"","footnotes":""},"categories":[360,4,267],"tags":[],"class_list":["post-1084654","post","type-post","status-publish","format-standard","hentry","category-grupa_sloneczka","category-grupy_aktualnosci","category-przedszkole-nr-12"],"_links":{"self":[{"href":"https:\/\/zsp5.zory.pl\/index.php?rest_route=\/wp\/v2\/posts\/1084654","targetHints":{"allow":["GET"]}}],"collection":[{"href":"https:\/\/zsp5.zory.pl\/index.php?rest_route=\/wp\/v2\/posts"}],"about":[{"href":"https:\/\/zsp5.zory.pl\/index.php?rest_route=\/wp\/v2\/types\/post"}],"author":[{"embeddable":true,"href":"https:\/\/zsp5.zory.pl\/index.php?rest_route=\/wp\/v2\/users\/6"}],"replies":[{"embeddable":true,"href":"https:\/\/zsp5.zory.pl\/index.php?rest_route=%2Fwp%2Fv2%2Fcomments&post=1084654"}],"version-history":[{"count":1,"href":"https:\/\/zsp5.zory.pl\/index.php?rest_route=\/wp\/v2\/posts\/1084654\/revisions"}],"predecessor-version":[{"id":1084655,"href":"https:\/\/zsp5.zory.pl\/index.php?rest_route=\/wp\/v2\/posts\/1084654\/revisions\/1084655"}],"wp:attachment":[{"href":"https:\/\/zsp5.zory.pl\/index.php?rest_route=%2Fwp%2Fv2%2Fmedia&parent=1084654"}],"wp:term":[{"taxonomy":"category","embeddable":true,"href":"https:\/\/zsp5.zory.pl\/index.php?rest_route=%2Fwp%2Fv2%2Fcategories&post=1084654"},{"taxonomy":"post_tag","embeddable":true,"href":"https:\/\/zsp5.zory.pl\/index.php?rest_route=%2Fwp%2Fv2%2Ftags&post=1084654"}],"curies":[{"name":"wp","href":"https:\/\/api.w.org\/{rel}","templated":true}]}}