{"id":1084603,"date":"2023-12-05T16:57:45","date_gmt":"2023-12-05T15:57:45","guid":{"rendered":"https:\/\/zsp5.zory.pl\/?p=1084603"},"modified":"2023-12-05T16:58:50","modified_gmt":"2023-12-05T15:58:50","slug":"akcja-pozytywna-uwaga","status":"publish","type":"post","link":"https:\/\/zsp5.zory.pl\/?p=1084603","title":{"rendered":"Akcja &#8222;Pozytywna Uwaga&#8221;"},"content":{"rendered":"\n<p>Akcja &#8222;Pozytywna Uwaga&#8221; w naszej szkole by\u0142a wyj\u0105tkow\u0105 inicjatyw\u0105, kt\u00f3ra zjednoczy\u0142a spo\u0142eczno\u015b\u0107 uczniowsk\u0105, nauczycieli i rodzic\u00f3w. Podczas tej akcji, rodzice uczni\u00f3w klas 1-3 zaanga\u017cowali si\u0119 w czytanie dzieciom, co nie tylko wspiera\u0142o rozw\u00f3j czytelniczy m\u0142odszych uczni\u00f3w, ale tak\u017ce budowa\u0142o wi\u0119zi rodzinne.<br><\/p>\n\n\n\n<p>Uczniowie klas 4-8 wzi\u0119li udzia\u0142 w kreatywnym przedsi\u0119wzi\u0119ciu zatytu\u0142owanym &#8222;Gwiazdy Naszej Klasy&#8221;. Ka\u017cdy uczestnik otrzyma\u0142 kartk\u0119 z imieniem i nazwiskiem, kt\u00f3r\u0105 m\u00f3g\u0142 wype\u0142ni\u0107 mi\u0142ymi s\u0142owami. To w\u0142a\u015bnie uczniowie byli tw\u00f3rcami tej magicznej galerii, wpisuj\u0105c pozytywne i wyj\u0105tkowe cechy swoich koleg\u00f3w i kole\u017canek.<br><\/p>\n\n\n\n<p>To nie koniec pozytywnych prze\u017cy\u0107. W ramach akcji &#8222;Pozytywna Uwaga&#8221;, uczniowie mieli r\u00f3wnie\u017c okazj\u0119 wyrazi\u0107 swoje uznanie wobec swoich koleg\u00f3w, kole\u017canek oraz nauczycieli.<br>Zapraszamy do obejrzenia fotorelacji!<\/p>\n\n\n\n<figure class=\"wp-block-video\"><video height=\"788\" style=\"aspect-ratio: 940 \/ 788;\" width=\"940\" controls src=\"https:\/\/zsp5.zory.pl\/wp-content\/uploads\/2023\/12\/POZYTYWNA-UWAGA-1.mp4\"><\/video><\/figure>\n\n\n\n<p class=\"has-text-align-center\">Fotorelacja z Akcji &#8222;Pozytywna Uwaga&#8221;<\/p>\n","protected":false},"excerpt":{"rendered":"<p>Akcja &#8222;Pozytywna Uwaga&#8221; w naszej szkole by\u0142a wyj\u0105tkow\u0105 inicjatyw\u0105, kt\u00f3ra zjednoczy\u0142a spo\u0142eczno\u015b\u0107 uczniowsk\u0105, nauczycieli i rodzic\u00f3w. Podczas tej akcji, rodzice uczni\u00f3w klas 1-3 zaanga\u017cowali si\u0119 w czytanie dzieciom, co nie tylko wspiera\u0142o rozw\u00f3j czytelniczy m\u0142odszych uczni\u00f3w, ale tak\u017ce budowa\u0142o wi\u0119zi rodzinne. Uczniowie klas 4-8 wzi\u0119li udzia\u0142 w kreatywnym przedsi\u0119wzi\u0119ciu zatytu\u0142owanym &#8222;Gwiazdy Naszej Klasy&#8221;. Ka\u017cdy uczestnik [&hellip;]<\/p>\n","protected":false},"author":13,"featured_media":0,"comment_status":"closed","ping_status":"open","sticky":false,"template":"","format":"standard","meta":{"_et_pb_use_builder":"","_et_pb_old_content":"","_et_gb_content_width":"","footnotes":""},"categories":[186],"tags":[234,62,147],"class_list":["post-1084603","post","type-post","status-publish","format-standard","hentry","category-samorzad-uczniowski","tag-integracja","tag-projekty","tag-sukces"],"_links":{"self":[{"href":"https:\/\/zsp5.zory.pl\/index.php?rest_route=\/wp\/v2\/posts\/1084603","targetHints":{"allow":["GET"]}}],"collection":[{"href":"https:\/\/zsp5.zory.pl\/index.php?rest_route=\/wp\/v2\/posts"}],"about":[{"href":"https:\/\/zsp5.zory.pl\/index.php?rest_route=\/wp\/v2\/types\/post"}],"author":[{"embeddable":true,"href":"https:\/\/zsp5.zory.pl\/index.php?rest_route=\/wp\/v2\/users\/13"}],"replies":[{"embeddable":true,"href":"https:\/\/zsp5.zory.pl\/index.php?rest_route=%2Fwp%2Fv2%2Fcomments&post=1084603"}],"version-history":[{"count":2,"href":"https:\/\/zsp5.zory.pl\/index.php?rest_route=\/wp\/v2\/posts\/1084603\/revisions"}],"predecessor-version":[{"id":1084606,"href":"https:\/\/zsp5.zory.pl\/index.php?rest_route=\/wp\/v2\/posts\/1084603\/revisions\/1084606"}],"wp:attachment":[{"href":"https:\/\/zsp5.zory.pl\/index.php?rest_route=%2Fwp%2Fv2%2Fmedia&parent=1084603"}],"wp:term":[{"taxonomy":"category","embeddable":true,"href":"https:\/\/zsp5.zory.pl\/index.php?rest_route=%2Fwp%2Fv2%2Fcategories&post=1084603"},{"taxonomy":"post_tag","embeddable":true,"href":"https:\/\/zsp5.zory.pl\/index.php?rest_route=%2Fwp%2Fv2%2Ftags&post=1084603"}],"curies":[{"name":"wp","href":"https:\/\/api.w.org\/{rel}","templated":true}]}}