{"id":1084573,"date":"2023-12-03T08:33:31","date_gmt":"2023-12-03T07:33:31","guid":{"rendered":"https:\/\/zsp5.zory.pl\/?p=1084573"},"modified":"2023-12-03T08:33:31","modified_gmt":"2023-12-03T07:33:31","slug":"tydzien-dobrych-relacji","status":"publish","type":"post","link":"https:\/\/zsp5.zory.pl\/?p=1084573","title":{"rendered":"TYDZIE\u0143 DOBRYCH RELACJI"},"content":{"rendered":"\n<p>Co roku 21 listopada odchodzimy Dzie\u0144 \u017byczliwo\u015bci. Z tej okazji w naszej szkole przez ca\u0142y tydzie\u0144 na uczni\u00f3w czeka mn\u00f3stwo atrakcji. Zapraszamy do obejrzenia fotorelacji z poszczeg\u00f3lnych wydarze\u0144.<\/p>\n\n\n\n<figure class=\"wp-block-video\"><video height=\"1080\" style=\"aspect-ratio: 1080 \/ 1080;\" width=\"1080\" controls src=\"https:\/\/zsp5.zory.pl\/wp-content\/uploads\/2023\/12\/Tydzien-Pelen-Wrazen.mp4\"><\/video><\/figure>\n\n\n\n<p class=\"has-text-align-center\">Fotorelacja z Tygodnia \u017byczliwo\u015bci<\/p>\n","protected":false},"excerpt":{"rendered":"<p>Co roku 21 listopada odchodzimy Dzie\u0144 \u017byczliwo\u015bci. Z tej okazji w naszej szkole przez ca\u0142y tydzie\u0144 na uczni\u00f3w czeka mn\u00f3stwo atrakcji. Zapraszamy do obejrzenia fotorelacji z poszczeg\u00f3lnych wydarze\u0144. Fotorelacja z Tygodnia \u017byczliwo\u015bci<\/p>\n","protected":false},"author":13,"featured_media":0,"comment_status":"closed","ping_status":"open","sticky":false,"template":"","format":"standard","meta":{"_et_pb_use_builder":"","_et_pb_old_content":"","_et_gb_content_width":"","footnotes":""},"categories":[186],"tags":[44,234,118,228,147],"class_list":["post-1084573","post","type-post","status-publish","format-standard","hentry","category-samorzad-uczniowski","tag-edukacja","tag-integracja","tag-projekt","tag-su","tag-sukces"],"_links":{"self":[{"href":"https:\/\/zsp5.zory.pl\/index.php?rest_route=\/wp\/v2\/posts\/1084573","targetHints":{"allow":["GET"]}}],"collection":[{"href":"https:\/\/zsp5.zory.pl\/index.php?rest_route=\/wp\/v2\/posts"}],"about":[{"href":"https:\/\/zsp5.zory.pl\/index.php?rest_route=\/wp\/v2\/types\/post"}],"author":[{"embeddable":true,"href":"https:\/\/zsp5.zory.pl\/index.php?rest_route=\/wp\/v2\/users\/13"}],"replies":[{"embeddable":true,"href":"https:\/\/zsp5.zory.pl\/index.php?rest_route=%2Fwp%2Fv2%2Fcomments&post=1084573"}],"version-history":[{"count":1,"href":"https:\/\/zsp5.zory.pl\/index.php?rest_route=\/wp\/v2\/posts\/1084573\/revisions"}],"predecessor-version":[{"id":1084575,"href":"https:\/\/zsp5.zory.pl\/index.php?rest_route=\/wp\/v2\/posts\/1084573\/revisions\/1084575"}],"wp:attachment":[{"href":"https:\/\/zsp5.zory.pl\/index.php?rest_route=%2Fwp%2Fv2%2Fmedia&parent=1084573"}],"wp:term":[{"taxonomy":"category","embeddable":true,"href":"https:\/\/zsp5.zory.pl\/index.php?rest_route=%2Fwp%2Fv2%2Fcategories&post=1084573"},{"taxonomy":"post_tag","embeddable":true,"href":"https:\/\/zsp5.zory.pl\/index.php?rest_route=%2Fwp%2Fv2%2Ftags&post=1084573"}],"curies":[{"name":"wp","href":"https:\/\/api.w.org\/{rel}","templated":true}]}}