{"id":1084562,"date":"2023-11-27T11:21:39","date_gmt":"2023-11-27T10:21:39","guid":{"rendered":"https:\/\/zsp5.zory.pl\/?p=1084562"},"modified":"2023-11-27T11:21:39","modified_gmt":"2023-11-27T10:21:39","slug":"dzialania-wychowawcze-w-grudniu_sloneczka","status":"publish","type":"post","link":"https:\/\/zsp5.zory.pl\/?p=1084562","title":{"rendered":"Dzia\u0142ania wychowawcze w grudniu_S\u0142oneczka"},"content":{"rendered":"\n<p><\/p>\n\n\n\n<p>Kr\u0105g tematyczny : Odwiedziny Miko\u0142aja<\/p>\n\n\n\n<ul class=\"wp-block-list\">\n<li>rozwijanie mowy i my\u015blenia dzieci,<\/li>\n\n\n\n<li>poznanie tradycji zwi\u0105zanych z Miko\u0142ajem w Polsce,<\/li>\n\n\n\n<li>poznanie zawodu g\u00f3rnika.<\/li>\n<\/ul>\n\n\n\n<p>Kr\u0105g tematyczny: Zima coraz bli\u017cej<\/p>\n\n\n\n<ul class=\"wp-block-list\">\n<li>poznawanie nadchodz\u0105cej pory roku jak\u0105 jest zima,<\/li>\n\n\n\n<li>zapoznanie z zasadami obowi\u0105zuj\u0105cymi w kinie podczas seansu,<\/li>\n\n\n\n<li>poznanie zasad bezpiecznego zachowania w autobusie, na drodze,<\/li>\n\n\n\n<li>wzmacnianie wi\u0119zi rodzinnych, kultywowanie tradycji.<\/li>\n<\/ul>\n\n\n\n<p>Kr\u0105g tematyczny: Magia \u015bwi\u0105t<\/p>\n\n\n\n<ul class=\"wp-block-list\">\n<li>zapoznanie z tradycjami zwi\u0105zanymi z nadchodz\u0105cymi \u015bwi\u0119tami,<\/li>\n\n\n\n<li>rozwijanie umiej\u0119tno\u015bci wokalnych,<\/li>\n\n\n\n<li>kszta\u0142cenie umiej\u0119tno\u015bci zachowania si\u0119 przy stole.<\/li>\n<\/ul>\n\n\n\n<p>Kr\u0105g tematyczny: Zabawki<\/p>\n\n\n\n<ul class=\"wp-block-list\">\n<li>aktywnie uczestniczenie w \u0107wiczeniach i zabawach ruchowych,<\/li>\n\n\n\n<li>nazywanie i opisywanie zabawek.<\/li>\n<\/ul>\n\n\n\n<p>Wydarzenia \u2013 grudzie\u0144<\/p>\n\n\n\n<ul class=\"wp-block-list\">\n<li>04.12 &#8211; Dzie\u0144 G\u00f3rnika<\/li>\n\n\n\n<li>06.12 \u2013 spotkanie z Miko\u0142ajem<\/li>\n\n\n\n<li>12.12 &#8211; wyjazd do kina \u015awi\u0105teczna Kicia Kocia<\/li>\n\n\n\n<li>13.12 \u2013 warsztaty dla rodzic\u00f3w<\/li>\n\n\n\n<li>22.12 &#8211; wigilia w przedszkolu<\/li>\n<\/ul>\n","protected":false},"excerpt":{"rendered":"<p>Kr\u0105g tematyczny : Odwiedziny Miko\u0142aja Kr\u0105g tematyczny: Zima coraz bli\u017cej Kr\u0105g tematyczny: Magia \u015bwi\u0105t Kr\u0105g tematyczny: Zabawki Wydarzenia \u2013 grudzie\u0144<\/p>\n","protected":false},"author":6,"featured_media":0,"comment_status":"closed","ping_status":"open","sticky":false,"template":"","format":"standard","meta":{"_et_pb_use_builder":"","_et_pb_old_content":"","_et_gb_content_width":"","footnotes":""},"categories":[360,4,267],"tags":[],"class_list":["post-1084562","post","type-post","status-publish","format-standard","hentry","category-grupa_sloneczka","category-grupy_aktualnosci","category-przedszkole-nr-12"],"_links":{"self":[{"href":"https:\/\/zsp5.zory.pl\/index.php?rest_route=\/wp\/v2\/posts\/1084562","targetHints":{"allow":["GET"]}}],"collection":[{"href":"https:\/\/zsp5.zory.pl\/index.php?rest_route=\/wp\/v2\/posts"}],"about":[{"href":"https:\/\/zsp5.zory.pl\/index.php?rest_route=\/wp\/v2\/types\/post"}],"author":[{"embeddable":true,"href":"https:\/\/zsp5.zory.pl\/index.php?rest_route=\/wp\/v2\/users\/6"}],"replies":[{"embeddable":true,"href":"https:\/\/zsp5.zory.pl\/index.php?rest_route=%2Fwp%2Fv2%2Fcomments&post=1084562"}],"version-history":[{"count":1,"href":"https:\/\/zsp5.zory.pl\/index.php?rest_route=\/wp\/v2\/posts\/1084562\/revisions"}],"predecessor-version":[{"id":1084563,"href":"https:\/\/zsp5.zory.pl\/index.php?rest_route=\/wp\/v2\/posts\/1084562\/revisions\/1084563"}],"wp:attachment":[{"href":"https:\/\/zsp5.zory.pl\/index.php?rest_route=%2Fwp%2Fv2%2Fmedia&parent=1084562"}],"wp:term":[{"taxonomy":"category","embeddable":true,"href":"https:\/\/zsp5.zory.pl\/index.php?rest_route=%2Fwp%2Fv2%2Fcategories&post=1084562"},{"taxonomy":"post_tag","embeddable":true,"href":"https:\/\/zsp5.zory.pl\/index.php?rest_route=%2Fwp%2Fv2%2Ftags&post=1084562"}],"curies":[{"name":"wp","href":"https:\/\/api.w.org\/{rel}","templated":true}]}}