{"id":1084553,"date":"2023-11-14T12:06:10","date_gmt":"2023-11-14T11:06:10","guid":{"rendered":"https:\/\/zsp5.zory.pl\/?p=1084553"},"modified":"2023-11-26T12:12:18","modified_gmt":"2023-11-26T11:12:18","slug":"ksiazka-jest-dobra-na-wszystko","status":"publish","type":"post","link":"https:\/\/zsp5.zory.pl\/?p=1084553","title":{"rendered":"Ksi\u0105\u017cka jest dobra na wszystko&#8230;"},"content":{"rendered":"\n<p>14  listopada to Og\u00f3lnopolski Dzie\u0144 Biblioterapii, kt\u00f3ry w tym roku odbywa si\u0119 pod has\u0142em \u201eCzytanie daje si\u0142\u0119!\u201d. \u00a0Data upami\u0119tnia rocznic\u0119 zarejestrowania Polskiego Towarzystwa Biblioterapeutycznego, kt\u00f3re rozpocz\u0119\u0142o swoj\u0105 dzia\u0142alno\u015b\u0107 w 1997 roku.\u00a0 Organizatorzy \u2013 Polskie Towarzystwo Biblioterapeutyczne \u2013 podkre\u015blaj\u0105, \u017ce \u201eodpowiednio zastosowana literatura mo\u017ce wspom\u00f3c proces radzenia sobie z problemami i kryzysami dnia codziennego\u201d. Odmian\u0105 biblioterapii dla dzieci jest\u00a0<strong><em>bajkoterapia<\/em><\/strong>, czyli terapia przez opowie\u015bci.  Badania psycholog\u00f3w pokaza\u0142y,\u00a0 \u017ce czytaj\u0105c dziecku okre\u015blone historie, mo\u017cna mu pom\u00f3c w wielu trudnych dla niego sytuacjach emocjonalnych takich, jak np. l\u0119ki lub pierwsze dni w przedszkolu czy w szkole, pojawienie si\u0119 rodze\u0144stwa, \u015bmier\u0107 kogo\u015b z rodziny.<\/p>\n\n\n\n<figure class=\"wp-block-image size-large is-resized\"><img loading=\"lazy\" decoding=\"async\" width=\"724\" height=\"1024\" src=\"https:\/\/zsp5.zory.pl\/wp-content\/uploads\/2023\/11\/113247-1-dzien-biblioterapii-724x1024.jpg\" alt=\"\" class=\"wp-image-1084554\" style=\"width:550px;height:auto\"\/><figcaption class=\"wp-element-caption\">Plakat &#8222;Og\u00f3lnopolski Dzie\u0144 Biblioterapii &#8222;Czytanie daje si\u0142\u0119&#8221;<\/figcaption><\/figure>\n","protected":false},"excerpt":{"rendered":"<p>14 listopada to Og\u00f3lnopolski Dzie\u0144 Biblioterapii, kt\u00f3ry w tym roku odbywa si\u0119 pod has\u0142em \u201eCzytanie daje si\u0142\u0119!\u201d. \u00a0Data upami\u0119tnia rocznic\u0119 zarejestrowania Polskiego Towarzystwa Biblioterapeutycznego, kt\u00f3re rozpocz\u0119\u0142o swoj\u0105 dzia\u0142alno\u015b\u0107 w 1997 roku.\u00a0 Organizatorzy \u2013 Polskie Towarzystwo Biblioterapeutyczne \u2013 podkre\u015blaj\u0105, \u017ce \u201eodpowiednio zastosowana literatura mo\u017ce wspom\u00f3c proces radzenia sobie z problemami i kryzysami dnia codziennego\u201d. Odmian\u0105 biblioterapii [&hellip;]<\/p>\n","protected":false},"author":11,"featured_media":0,"comment_status":"closed","ping_status":"open","sticky":false,"template":"","format":"standard","meta":{"_et_pb_use_builder":"","_et_pb_old_content":"","_et_gb_content_width":"","footnotes":""},"categories":[217],"tags":[],"class_list":["post-1084553","post","type-post","status-publish","format-standard","hentry","category-biblioteka_blog"],"_links":{"self":[{"href":"https:\/\/zsp5.zory.pl\/index.php?rest_route=\/wp\/v2\/posts\/1084553","targetHints":{"allow":["GET"]}}],"collection":[{"href":"https:\/\/zsp5.zory.pl\/index.php?rest_route=\/wp\/v2\/posts"}],"about":[{"href":"https:\/\/zsp5.zory.pl\/index.php?rest_route=\/wp\/v2\/types\/post"}],"author":[{"embeddable":true,"href":"https:\/\/zsp5.zory.pl\/index.php?rest_route=\/wp\/v2\/users\/11"}],"replies":[{"embeddable":true,"href":"https:\/\/zsp5.zory.pl\/index.php?rest_route=%2Fwp%2Fv2%2Fcomments&post=1084553"}],"version-history":[{"count":2,"href":"https:\/\/zsp5.zory.pl\/index.php?rest_route=\/wp\/v2\/posts\/1084553\/revisions"}],"predecessor-version":[{"id":1084557,"href":"https:\/\/zsp5.zory.pl\/index.php?rest_route=\/wp\/v2\/posts\/1084553\/revisions\/1084557"}],"wp:attachment":[{"href":"https:\/\/zsp5.zory.pl\/index.php?rest_route=%2Fwp%2Fv2%2Fmedia&parent=1084553"}],"wp:term":[{"taxonomy":"category","embeddable":true,"href":"https:\/\/zsp5.zory.pl\/index.php?rest_route=%2Fwp%2Fv2%2Fcategories&post=1084553"},{"taxonomy":"post_tag","embeddable":true,"href":"https:\/\/zsp5.zory.pl\/index.php?rest_route=%2Fwp%2Fv2%2Ftags&post=1084553"}],"curies":[{"name":"wp","href":"https:\/\/api.w.org\/{rel}","templated":true}]}}