{"id":1084500,"date":"2023-11-06T20:45:21","date_gmt":"2023-11-06T19:45:21","guid":{"rendered":"https:\/\/zsp5.zory.pl\/?p=1084500"},"modified":"2023-11-08T22:45:51","modified_gmt":"2023-11-08T21:45:51","slug":"konkurs-plastyczny-postac-z-bajki","status":"publish","type":"post","link":"https:\/\/zsp5.zory.pl\/?p=1084500","title":{"rendered":"Konkurs plastyczny &#8211; posta\u0107 z bajki"},"content":{"rendered":"\n<p><\/p>\n\n\n\n<p><strong>Konkurs plastyczny z okazji<\/strong> <strong>Mi\u0119dzynarodowego Dnia Postaci z Bajek ( 5 listopada) i Pluszowego Misia ( 25 listopada)<\/strong><\/p>\n\n\n\n<p>Zapraszamy serdecznie wszystkich uczni\u00f3w klas I-III do wzi\u0119cia udzia\u0142u w konkursie plastycznym, kt\u00f3ry ma na celu pobudzi\u0107 nasz\u0105 wyobra\u017anie, rozwin\u0105\u0107 kreatywno\u015b\u0107, wspom\u00f3c rozw\u00f3j zainteresowa\u0144 czytelniczych.<\/p>\n\n\n\n<p>Regulamin: <\/p>\n\n\n\n<div data-wp-interactive=\"core\/file\" class=\"wp-block-file\"><object data-wp-bind--hidden=\"!state.hasPdfPreview\" hidden class=\"wp-block-file__embed\" data=\"https:\/\/zsp5.zory.pl\/wp-content\/uploads\/2023\/11\/Regulamin-konkursu-plastycznego-dla-klas-I-III.pdf\" type=\"application\/pdf\" style=\"width:100%;height:600px\" aria-label=\"Osadzone z Regulamin-konkursu-plastycznego-dla-klas-I-III.\"><\/object><a id=\"wp-block-file--media-d6ae57f1-265f-465b-917d-94f9abf7696e\" href=\"https:\/\/zsp5.zory.pl\/wp-content\/uploads\/2023\/11\/Regulamin-konkursu-plastycznego-dla-klas-I-III.pdf\">Regulamin-konkursu-plastycznego-dla-klas-I-III<\/a><a href=\"https:\/\/zsp5.zory.pl\/wp-content\/uploads\/2023\/11\/Regulamin-konkursu-plastycznego-dla-klas-I-III.pdf\" class=\"wp-block-file__button wp-element-button\" download aria-describedby=\"wp-block-file--media-d6ae57f1-265f-465b-917d-94f9abf7696e\">Pobierz<\/a><\/div>\n","protected":false},"excerpt":{"rendered":"<p>Konkurs plastyczny z okazji Mi\u0119dzynarodowego Dnia Postaci z Bajek ( 5 listopada) i Pluszowego Misia ( 25 listopada) Zapraszamy serdecznie wszystkich uczni\u00f3w klas I-III do wzi\u0119cia udzia\u0142u w konkursie plastycznym, kt\u00f3ry ma na celu pobudzi\u0107 nasz\u0105 wyobra\u017anie, rozwin\u0105\u0107 kreatywno\u015b\u0107, wspom\u00f3c rozw\u00f3j zainteresowa\u0144 czytelniczych. Regulamin:<\/p>\n","protected":false},"author":11,"featured_media":0,"comment_status":"closed","ping_status":"open","sticky":false,"template":"","format":"standard","meta":{"_et_pb_use_builder":"","_et_pb_old_content":"","_et_gb_content_width":"","footnotes":""},"categories":[217],"tags":[],"class_list":["post-1084500","post","type-post","status-publish","format-standard","hentry","category-biblioteka_blog"],"_links":{"self":[{"href":"https:\/\/zsp5.zory.pl\/index.php?rest_route=\/wp\/v2\/posts\/1084500","targetHints":{"allow":["GET"]}}],"collection":[{"href":"https:\/\/zsp5.zory.pl\/index.php?rest_route=\/wp\/v2\/posts"}],"about":[{"href":"https:\/\/zsp5.zory.pl\/index.php?rest_route=\/wp\/v2\/types\/post"}],"author":[{"embeddable":true,"href":"https:\/\/zsp5.zory.pl\/index.php?rest_route=\/wp\/v2\/users\/11"}],"replies":[{"embeddable":true,"href":"https:\/\/zsp5.zory.pl\/index.php?rest_route=%2Fwp%2Fv2%2Fcomments&post=1084500"}],"version-history":[{"count":1,"href":"https:\/\/zsp5.zory.pl\/index.php?rest_route=\/wp\/v2\/posts\/1084500\/revisions"}],"predecessor-version":[{"id":1084502,"href":"https:\/\/zsp5.zory.pl\/index.php?rest_route=\/wp\/v2\/posts\/1084500\/revisions\/1084502"}],"wp:attachment":[{"href":"https:\/\/zsp5.zory.pl\/index.php?rest_route=%2Fwp%2Fv2%2Fmedia&parent=1084500"}],"wp:term":[{"taxonomy":"category","embeddable":true,"href":"https:\/\/zsp5.zory.pl\/index.php?rest_route=%2Fwp%2Fv2%2Fcategories&post=1084500"},{"taxonomy":"post_tag","embeddable":true,"href":"https:\/\/zsp5.zory.pl\/index.php?rest_route=%2Fwp%2Fv2%2Ftags&post=1084500"}],"curies":[{"name":"wp","href":"https:\/\/api.w.org\/{rel}","templated":true}]}}