{"id":1084476,"date":"2023-11-01T12:00:20","date_gmt":"2023-11-01T11:00:20","guid":{"rendered":"https:\/\/zsp5.zory.pl\/?p=1084476"},"modified":"2023-11-01T12:00:20","modified_gmt":"2023-11-01T11:00:20","slug":"dzien-szalonej-fryzury-3","status":"publish","type":"post","link":"https:\/\/zsp5.zory.pl\/?p=1084476","title":{"rendered":"Dzie\u0144 Szalonej Fryzury"},"content":{"rendered":"\n<p>25 pa\u017adziernika obchodzili\u015bmy w naszej szkole Dzie\u0144 Szalonej Fryzury.\u00a0 Uczniowie kolejny raz mieli okazj\u0119, \u017ceby wykaza\u0107 si\u0119 swoj\u0105 kreatywno\u015bci\u0105, a dla tych, kt\u00f3rzy tego dnia nie mieli pomys\u0142u na siebie, czeka\u0142y stoiska fryzjerskie przygotowane przez cz\u0142onk\u00f3w Samorz\u0105du Uczniowskiego. Zapraszamy do obejrzenia fotorelacji.<\/p>\n\n\n\n<figure class=\"wp-block-video\"><video height=\"960\" style=\"aspect-ratio: 960 \/ 960;\" width=\"960\" controls src=\"https:\/\/zsp5.zory.pl\/wp-content\/uploads\/2023\/11\/Happy-New-Year-1.mp4\"><\/video><\/figure>\n\n\n\n<p class=\"has-text-align-center\">Fotorelacja z Dnia Szalonej Fryzury<\/p>\n","protected":false},"excerpt":{"rendered":"<p>25 pa\u017adziernika obchodzili\u015bmy w naszej szkole Dzie\u0144 Szalonej Fryzury.\u00a0 Uczniowie kolejny raz mieli okazj\u0119, \u017ceby wykaza\u0107 si\u0119 swoj\u0105 kreatywno\u015bci\u0105, a dla tych, kt\u00f3rzy tego dnia nie mieli pomys\u0142u na siebie, czeka\u0142y stoiska fryzjerskie przygotowane przez cz\u0142onk\u00f3w Samorz\u0105du Uczniowskiego. Zapraszamy do obejrzenia fotorelacji. Fotorelacja z Dnia Szalonej Fryzury<\/p>\n","protected":false},"author":13,"featured_media":0,"comment_status":"closed","ping_status":"open","sticky":false,"template":"","format":"standard","meta":{"_et_pb_use_builder":"","_et_pb_old_content":"","_et_gb_content_width":"","footnotes":""},"categories":[186],"tags":[367,361,234,228],"class_list":["post-1084476","post","type-post","status-publish","format-standard","hentry","category-samorzad-uczniowski","tag-dobrazabawa","tag-fryzura","tag-integracja","tag-su"],"_links":{"self":[{"href":"https:\/\/zsp5.zory.pl\/index.php?rest_route=\/wp\/v2\/posts\/1084476","targetHints":{"allow":["GET"]}}],"collection":[{"href":"https:\/\/zsp5.zory.pl\/index.php?rest_route=\/wp\/v2\/posts"}],"about":[{"href":"https:\/\/zsp5.zory.pl\/index.php?rest_route=\/wp\/v2\/types\/post"}],"author":[{"embeddable":true,"href":"https:\/\/zsp5.zory.pl\/index.php?rest_route=\/wp\/v2\/users\/13"}],"replies":[{"embeddable":true,"href":"https:\/\/zsp5.zory.pl\/index.php?rest_route=%2Fwp%2Fv2%2Fcomments&post=1084476"}],"version-history":[{"count":1,"href":"https:\/\/zsp5.zory.pl\/index.php?rest_route=\/wp\/v2\/posts\/1084476\/revisions"}],"predecessor-version":[{"id":1084478,"href":"https:\/\/zsp5.zory.pl\/index.php?rest_route=\/wp\/v2\/posts\/1084476\/revisions\/1084478"}],"wp:attachment":[{"href":"https:\/\/zsp5.zory.pl\/index.php?rest_route=%2Fwp%2Fv2%2Fmedia&parent=1084476"}],"wp:term":[{"taxonomy":"category","embeddable":true,"href":"https:\/\/zsp5.zory.pl\/index.php?rest_route=%2Fwp%2Fv2%2Fcategories&post=1084476"},{"taxonomy":"post_tag","embeddable":true,"href":"https:\/\/zsp5.zory.pl\/index.php?rest_route=%2Fwp%2Fv2%2Ftags&post=1084476"}],"curies":[{"name":"wp","href":"https:\/\/api.w.org\/{rel}","templated":true}]}}