{"id":1084456,"date":"2023-09-28T18:03:00","date_gmt":"2023-09-28T16:03:00","guid":{"rendered":"https:\/\/zsp5.zory.pl\/?p=1084456"},"modified":"2023-11-08T22:30:29","modified_gmt":"2023-11-08T21:30:29","slug":"dzien-glosnego-czytania","status":"publish","type":"post","link":"https:\/\/zsp5.zory.pl\/?p=1084456","title":{"rendered":"Dzie\u0144 G\u0142o\u015bnego Czytania"},"content":{"rendered":"\n<p>W 2023 roku Og\u00f3lnopolski Dzie\u0144 G\u0142o\u015bnego Czytania przypada na 29 wrze\u015bnia (pi\u0105tek).<\/p>\n\n\n\n<p>Og\u00f3lnopolski Dzie\u0144 G\u0142o\u015bnego Czytania zosta\u0142 ustanowiony z inicjatywy Polskiej Izby Ksi\u0105\u017cki w 2001 roku. Data 29 wrze\u015bnia odnosi si\u0119 do urodzin Janiny Porazi\u0144skiej, autorki ksi\u0105\u017cek dla dzieci i m\u0142odzie\u017cy. Celem \u015bwi\u0119ta jest propagowanie czytelnictwa w\u015br\u00f3d najm\u0142odszych. G\u0142o\u015bne czytanie jest okazj\u0105 do budowania wi\u0119zi i wsp\u00f3lnego sp\u0119dzania czasu wolnego z rodzicami, dziadkami, rodze\u0144stwem, kolegami. \u015awi\u0119to warto obchodzi\u0107 ka\u017cdego dnia, a je\u015bli ka\u017cdy z nas po\u015bwi\u0119ci na czytanie cho\u0107by 20 minut dziennie, b\u0119dzie to du\u017cy sukces.<\/p>\n\n\n\n<figure class=\"wp-block-image size-large\"><img loading=\"lazy\" decoding=\"async\" width=\"1024\" height=\"724\" src=\"http:\/\/zsp5.zory.pl\/wp-content\/uploads\/2023\/10\/ogolnopolski-dzien-glosnego-czytania-gazetka-41-str.-1-pdf-1024x724.jpg\" alt=\"\" class=\"wp-image-1084460\"\/><figcaption class=\"wp-element-caption\">Plakat &#8222;Dzie\u0144 G\u0142o\u015bnego Czytania&#8221; <\/figcaption><\/figure>\n","protected":false},"excerpt":{"rendered":"<p>W 2023 roku Og\u00f3lnopolski Dzie\u0144 G\u0142o\u015bnego Czytania przypada na 29 wrze\u015bnia (pi\u0105tek). Og\u00f3lnopolski Dzie\u0144 G\u0142o\u015bnego Czytania zosta\u0142 ustanowiony z inicjatywy Polskiej Izby Ksi\u0105\u017cki w 2001 roku. Data 29 wrze\u015bnia odnosi si\u0119 do urodzin Janiny Porazi\u0144skiej, autorki ksi\u0105\u017cek dla dzieci i m\u0142odzie\u017cy. Celem \u015bwi\u0119ta jest propagowanie czytelnictwa w\u015br\u00f3d najm\u0142odszych. G\u0142o\u015bne czytanie jest okazj\u0105 do budowania wi\u0119zi [&hellip;]<\/p>\n","protected":false},"author":11,"featured_media":0,"comment_status":"closed","ping_status":"open","sticky":false,"template":"","format":"standard","meta":{"_et_pb_use_builder":"","_et_pb_old_content":"","_et_gb_content_width":"","footnotes":""},"categories":[217],"tags":[],"class_list":["post-1084456","post","type-post","status-publish","format-standard","hentry","category-biblioteka_blog"],"_links":{"self":[{"href":"https:\/\/zsp5.zory.pl\/index.php?rest_route=\/wp\/v2\/posts\/1084456","targetHints":{"allow":["GET"]}}],"collection":[{"href":"https:\/\/zsp5.zory.pl\/index.php?rest_route=\/wp\/v2\/posts"}],"about":[{"href":"https:\/\/zsp5.zory.pl\/index.php?rest_route=\/wp\/v2\/types\/post"}],"author":[{"embeddable":true,"href":"https:\/\/zsp5.zory.pl\/index.php?rest_route=\/wp\/v2\/users\/11"}],"replies":[{"embeddable":true,"href":"https:\/\/zsp5.zory.pl\/index.php?rest_route=%2Fwp%2Fv2%2Fcomments&post=1084456"}],"version-history":[{"count":1,"href":"https:\/\/zsp5.zory.pl\/index.php?rest_route=\/wp\/v2\/posts\/1084456\/revisions"}],"predecessor-version":[{"id":1084461,"href":"https:\/\/zsp5.zory.pl\/index.php?rest_route=\/wp\/v2\/posts\/1084456\/revisions\/1084461"}],"wp:attachment":[{"href":"https:\/\/zsp5.zory.pl\/index.php?rest_route=%2Fwp%2Fv2%2Fmedia&parent=1084456"}],"wp:term":[{"taxonomy":"category","embeddable":true,"href":"https:\/\/zsp5.zory.pl\/index.php?rest_route=%2Fwp%2Fv2%2Fcategories&post=1084456"},{"taxonomy":"post_tag","embeddable":true,"href":"https:\/\/zsp5.zory.pl\/index.php?rest_route=%2Fwp%2Fv2%2Ftags&post=1084456"}],"curies":[{"name":"wp","href":"https:\/\/api.w.org\/{rel}","templated":true}]}}