{"id":1084446,"date":"2023-10-30T13:32:10","date_gmt":"2023-10-30T12:32:10","guid":{"rendered":"https:\/\/zsp5.zory.pl\/?p=1084446"},"modified":"2023-10-30T13:32:48","modified_gmt":"2023-10-30T12:32:48","slug":"dzialania-wychowawcze-w-listopadzie_biedronki","status":"publish","type":"post","link":"https:\/\/zsp5.zory.pl\/?p=1084446","title":{"rendered":"Dzia\u0142ania wychowawcze w listopadzie_Biedronki"},"content":{"rendered":"\n<p>Dzia\u0142ania dydaktyczno-wychowawcze zaplanowane na miesi\u0105c listopad<\/p>\n\n\n\n<p>Grupa C<\/p>\n\n\n\n<p>I tydzie\u0144<\/p>\n\n\n\n<p>Kr\u0105g tematyczny: A deszcz pada i pada\u2026<\/p>\n\n\n\n<p>Cele:<\/p>\n\n\n\n<p>&#8211; dostrzeganie rytmicznej organizacji w sta\u0142ych nast\u0119pstwach dnia i nocy, p\u00f3r roku;<\/p>\n\n\n\n<p>&#8211; nazywanie kolejno p\u00f3r roku, dni tygodnia;<\/p>\n\n\n\n<p>&#8211; obserwowanie zmian zachodz\u0105cych w przyrodzie p\u00f3\u017an\u0105 jesieni\u0105, wyst\u0119puj\u0105cych zjawisk atmosferycznych, np. padaj\u0105cego deszczu, mg\u0142y, obni\u017caj\u0105cej si\u0119 temperatury, skracaj\u0105cej si\u0119 d\u0142ugo\u015bci dnia;<\/p>\n\n\n\n<p>&#8211; poznanie litery <strong>i, I<\/strong>i cyfry<em> 5. &nbsp;<\/em><\/p>\n\n\n\n<p>II tydzie\u0144<\/p>\n\n\n\n<p>Kr\u0105g tematyczny: Co powinienem wiedzie\u0107 o Polsce.<\/p>\n\n\n\n<p>Cele:<\/p>\n\n\n\n<p>&#8211; podawanie nazwy naszego kraju, symboli narodowych: flagi, god\u0142a, hymnu;<\/p>\n\n\n\n<p>&#8211; poznanie stroj\u00f3w ludowych:<\/p>\n\n\n\n<p>&#8211; poznawanie legend, opowiada\u0144, wierszy dotycz\u0105cych histprii pa\u0144stwa polskiego, np. jego powstania;<\/p>\n\n\n\n<p>&#8211; poznanie litery <strong>t, T<\/strong><em>&nbsp; <\/em>i cyfry 6.<\/p>\n\n\n\n<p>III tydzie\u0144<\/p>\n\n\n\n<p>Kr\u0105g tematyczny: Zdrowie naszym skarbem<\/p>\n\n\n\n<p>Cele:<\/p>\n\n\n\n<p>&#8211; rozwijanie sprawno\u015bci ca\u0142ego cia\u0142a (w toku wykonywania czynno\u015bci samoobs\u0142ugowych, zabaw ruchowych i \u0107wicze\u0144 gimnastycznych);<\/p>\n\n\n\n<p>&#8211; rozumienie konieczno\u015bci przyjmowania lekarstw w czasie choroby,<\/p>\n\n\n\n<p>&#8211; wyrabianie nawyk\u00f3w zdrowotnych, np. poprawnego korzystania z toalety, w\u0142a\u015bciwego zachowania si\u0119 przy stole, przestrzegania zasad bezpiecze\u0144stwa w toku zabaw ruchowych i innych;<\/p>\n\n\n\n<p>&#8211; rozumienie konieczno\u015bci spo\u017cywania owoc\u00f3w i warzyw;<\/p>\n\n\n\n<p>&#8211; u\u015bwiadomienie konieczno\u015bci dbania o w\u0142asne zdrowie;<\/p>\n\n\n\n<p>&#8211; utrwalenie nazw i kszta\u0142t\u00f3w figur geometrycznych;<\/p>\n\n\n\n<p>&#8211; poznanie litery <strong>d, D<\/strong>.<\/p>\n\n\n\n<p>IV tydzie\u0144<\/p>\n\n\n\n<p>Kr\u0105g tematyczny: Co u\u0142atwia prace w domu?<\/p>\n\n\n\n<p>Cele:<\/p>\n\n\n\n<p>&#8211; utrwalenie nazw urz\u0105dze\u0144 elektrycznych;<\/p>\n\n\n\n<p>&#8211; zapoznanie z urz\u0105dzeniami, kt\u00f3re wyst\u0119powa\u0142y dawniej;<\/p>\n\n\n\n<p>&#8211; poznawanie r\u00f3\u017cnych \u017ar\u00f3de\u0142 otrzymywania energii;<\/p>\n\n\n\n<p>&#8211; rozbudzanie zainteresowa\u0144 kulinarnych, zapoznanie z dzia\u0142aniem blendera;<\/p>\n\n\n\n<p>&#8211; poszerzanie wiedzy na temat nowoczesnych technologii;<\/p>\n\n\n\n<p>&#8211; poznanie litery <strong>k, K<\/strong>.<\/p>\n","protected":false},"excerpt":{"rendered":"<p>Dzia\u0142ania dydaktyczno-wychowawcze zaplanowane na miesi\u0105c listopad Grupa C I tydzie\u0144 Kr\u0105g tematyczny: A deszcz pada i pada\u2026 Cele: &#8211; dostrzeganie rytmicznej organizacji w sta\u0142ych nast\u0119pstwach dnia i nocy, p\u00f3r roku; &#8211; nazywanie kolejno p\u00f3r roku, dni tygodnia; &#8211; obserwowanie zmian zachodz\u0105cych w przyrodzie p\u00f3\u017an\u0105 jesieni\u0105, wyst\u0119puj\u0105cych zjawisk atmosferycznych, np. padaj\u0105cego deszczu, mg\u0142y, obni\u017caj\u0105cej si\u0119 temperatury, [&hellip;]<\/p>\n","protected":false},"author":6,"featured_media":0,"comment_status":"closed","ping_status":"open","sticky":false,"template":"","format":"standard","meta":{"_et_pb_use_builder":"","_et_pb_old_content":"","_et_gb_content_width":"","footnotes":""},"categories":[262,267],"tags":[],"class_list":["post-1084446","post","type-post","status-publish","format-standard","hentry","category-grupa-b-biedronki","category-przedszkole-nr-12"],"_links":{"self":[{"href":"https:\/\/zsp5.zory.pl\/index.php?rest_route=\/wp\/v2\/posts\/1084446","targetHints":{"allow":["GET"]}}],"collection":[{"href":"https:\/\/zsp5.zory.pl\/index.php?rest_route=\/wp\/v2\/posts"}],"about":[{"href":"https:\/\/zsp5.zory.pl\/index.php?rest_route=\/wp\/v2\/types\/post"}],"author":[{"embeddable":true,"href":"https:\/\/zsp5.zory.pl\/index.php?rest_route=\/wp\/v2\/users\/6"}],"replies":[{"embeddable":true,"href":"https:\/\/zsp5.zory.pl\/index.php?rest_route=%2Fwp%2Fv2%2Fcomments&post=1084446"}],"version-history":[{"count":2,"href":"https:\/\/zsp5.zory.pl\/index.php?rest_route=\/wp\/v2\/posts\/1084446\/revisions"}],"predecessor-version":[{"id":1084448,"href":"https:\/\/zsp5.zory.pl\/index.php?rest_route=\/wp\/v2\/posts\/1084446\/revisions\/1084448"}],"wp:attachment":[{"href":"https:\/\/zsp5.zory.pl\/index.php?rest_route=%2Fwp%2Fv2%2Fmedia&parent=1084446"}],"wp:term":[{"taxonomy":"category","embeddable":true,"href":"https:\/\/zsp5.zory.pl\/index.php?rest_route=%2Fwp%2Fv2%2Fcategories&post=1084446"},{"taxonomy":"post_tag","embeddable":true,"href":"https:\/\/zsp5.zory.pl\/index.php?rest_route=%2Fwp%2Fv2%2Ftags&post=1084446"}],"curies":[{"name":"wp","href":"https:\/\/api.w.org\/{rel}","templated":true}]}}