{"id":1084433,"date":"2023-10-30T09:53:56","date_gmt":"2023-10-30T08:53:56","guid":{"rendered":"https:\/\/zsp5.zory.pl\/?p=1084433"},"modified":"2023-10-30T09:55:29","modified_gmt":"2023-10-30T08:55:29","slug":"dzialania-wychowawcze-w-listopadzie","status":"publish","type":"post","link":"https:\/\/zsp5.zory.pl\/?p=1084433","title":{"rendered":"Dzia\u0142ania wychowawcze w listopadzie_S\u0142oneczka"},"content":{"rendered":"\n<p>Listopad grupa A<\/p>\n\n\n\n<p><strong>Kr\u0105g tematyczny : A deszcz pada i pada<\/strong><\/p>\n\n\n\n<p>Cele:<\/p>\n\n\n\n<p>&#8211; nabywanie umiej\u0119tno\u015bci obserwowania zjawisk przyrodniczych charakterystycznych dla jesiennej pogody, wyci\u0105gania i formu\u0142owania wniosk\u00f3w,<\/p>\n\n\n\n<p>&#8211; nazywanie jesiennych barw.<\/p>\n\n\n\n<p><strong>Kr\u0105g tematyczny: Co powinienem wiedzie\u0107 o Polsce?<\/strong><\/p>\n\n\n\n<p>&#8211; zdobywanie informacji o swojej Ojczy\u017anie,<\/p>\n\n\n\n<p>&#8211; poznanie symboli narodowych naszego kraju, &nbsp;krzewienie uczu\u0107 patriotycznych.<\/p>\n\n\n\n<p><strong>Kr\u0105g tematyczny: Zdrowie naszym skarbem<\/strong><\/p>\n\n\n\n<p>&#8211; zapoznanie z rol\u0105 aktywno\u015bci fizycznej w \u017cyciu cz\u0142owieka,<\/p>\n\n\n\n<p>&#8211; rozwijanie w\u0142a\u015bciwych nawyk\u00f3w \u017cywieniowych,<\/p>\n\n\n\n<p>&#8211; zapoznanie z produktami szkodliwymi dla zdrowia<\/p>\n\n\n\n<p><strong>Kr\u0105g tematyczny: Co u\u0142atwia prace w domu?<\/strong><\/p>\n\n\n\n<p>&#8211; zapoznanie z wybranymi urz\u0105dzeniami gospodarstwa domowego wykorzystywanymi<\/p>\n\n\n\n<p>dawniej i wsp\u00f3\u0142cze\u015bnie,<\/p>\n\n\n\n<p>&#8211; zwr\u00f3cenie uwagi na przestrzeganie zasad bezpiecze\u0144stwa podczas korzystania z urz\u0105dze\u0144<\/p>\n\n\n\n<p>Elektrycznych.<\/p>\n\n\n\n<p><strong>Wydarzenia \u2013 listopad<\/strong><\/p>\n\n\n\n<p>a) 3.11.2023 r. \u2013 Dzie\u0144 postaci z bajek<\/p>\n\n\n\n<p>c) 20.11.2023 \u2013 Mi\u0119dzynarodowy Dzie\u0144 Praw Dziecka<\/p>\n\n\n\n<p>d) 24.11.2023 \u2013 Dzie\u0144 Pluszowego Misia<\/p>\n\n\n\n<p>e) 30.11.2023 &#8211; ,,Andrzejkowe wr\u00f3\u017cby\u201d \u2013 dzie\u0144 integracji<\/p>\n","protected":false},"excerpt":{"rendered":"<p>Listopad grupa A Kr\u0105g tematyczny : A deszcz pada i pada Cele: &#8211; nabywanie umiej\u0119tno\u015bci obserwowania zjawisk przyrodniczych charakterystycznych dla jesiennej pogody, wyci\u0105gania i formu\u0142owania wniosk\u00f3w, &#8211; nazywanie jesiennych barw. Kr\u0105g tematyczny: Co powinienem wiedzie\u0107 o Polsce? &#8211; zdobywanie informacji o swojej Ojczy\u017anie, &#8211; poznanie symboli narodowych naszego kraju, &nbsp;krzewienie uczu\u0107 patriotycznych. Kr\u0105g tematyczny: Zdrowie [&hellip;]<\/p>\n","protected":false},"author":6,"featured_media":0,"comment_status":"closed","ping_status":"open","sticky":false,"template":"","format":"standard","meta":{"_et_pb_use_builder":"","_et_pb_old_content":"","_et_gb_content_width":"","footnotes":""},"categories":[360,267],"tags":[],"class_list":["post-1084433","post","type-post","status-publish","format-standard","hentry","category-grupa_sloneczka","category-przedszkole-nr-12"],"_links":{"self":[{"href":"https:\/\/zsp5.zory.pl\/index.php?rest_route=\/wp\/v2\/posts\/1084433","targetHints":{"allow":["GET"]}}],"collection":[{"href":"https:\/\/zsp5.zory.pl\/index.php?rest_route=\/wp\/v2\/posts"}],"about":[{"href":"https:\/\/zsp5.zory.pl\/index.php?rest_route=\/wp\/v2\/types\/post"}],"author":[{"embeddable":true,"href":"https:\/\/zsp5.zory.pl\/index.php?rest_route=\/wp\/v2\/users\/6"}],"replies":[{"embeddable":true,"href":"https:\/\/zsp5.zory.pl\/index.php?rest_route=%2Fwp%2Fv2%2Fcomments&post=1084433"}],"version-history":[{"count":2,"href":"https:\/\/zsp5.zory.pl\/index.php?rest_route=\/wp\/v2\/posts\/1084433\/revisions"}],"predecessor-version":[{"id":1084435,"href":"https:\/\/zsp5.zory.pl\/index.php?rest_route=\/wp\/v2\/posts\/1084433\/revisions\/1084435"}],"wp:attachment":[{"href":"https:\/\/zsp5.zory.pl\/index.php?rest_route=%2Fwp%2Fv2%2Fmedia&parent=1084433"}],"wp:term":[{"taxonomy":"category","embeddable":true,"href":"https:\/\/zsp5.zory.pl\/index.php?rest_route=%2Fwp%2Fv2%2Fcategories&post=1084433"},{"taxonomy":"post_tag","embeddable":true,"href":"https:\/\/zsp5.zory.pl\/index.php?rest_route=%2Fwp%2Fv2%2Ftags&post=1084433"}],"curies":[{"name":"wp","href":"https:\/\/api.w.org\/{rel}","templated":true}]}}