{"id":1084425,"date":"2023-10-27T12:25:51","date_gmt":"2023-10-27T10:25:51","guid":{"rendered":"https:\/\/zsp5.zory.pl\/?p=1084425"},"modified":"2023-10-27T12:26:00","modified_gmt":"2023-10-27T10:26:00","slug":"likwidacja-stowarzyszenia-przyjaciol-szkoly-i-przedszkola-w-baranowicach","status":"publish","type":"post","link":"https:\/\/zsp5.zory.pl\/?p=1084425","title":{"rendered":"Likwidacja Stowarzyszenia Przyjaci\u00f3\u0142 Szko\u0142y i Przedszkola w Baranowicach"},"content":{"rendered":"\n<p>LIKWIDATOR Stowarzyszenia Przyjaci\u00f3\u0142 Szko\u0142y i Przedszkola w Baranowicach, wpisanego do Krajowego Rejestru S\u0105dowego pod numerem 0000 403984 podaje do publicznej wiadomo\u015bci, \u017ce w dniu 01.01.2023 Nadzwyczajne Walne Zebranie\u00a0Cz\u0142onk\u00f3w Stowarzyszenia podj\u0119\u0142o uchwa\u0142\u0119 o rozwi\u0105zaniu Stowarzyszenia i jego likwidacji.<\/p>\n\n\n\n<p>Informacja o otwarciu likwidacji Stowarzyszenia zosta\u0142a wpisana do Krajowego Rejestru S\u0105dowego postanowieniem S\u0105du Rejonowego w Gliwicach X Wydzia\u0142 Gospodarczy KRS dnia 16.10.2023.<\/p>\n\n\n\n<p>Wskazuje si\u0119, \u017ce Stowarzyszenie nie ma zobowi\u0105za\u0144 finansowych. Wzywa si\u0119 ewentualnych wierzycieli do zg\u0142aszania roszcze\u0144 ich likwidatorowi do 13 listopada 2023 roku.<\/p>\n\n\n\n<p>Likwidator Stowarzyszenia Przyjaci\u00f3\u0142 Szko\u0142y i Przedszkola w Baranowicach<\/p>\n\n\n\n<p>Aneta Cury\u0142o, Monika Szko\u0142da\u00a0<\/p>\n","protected":false},"excerpt":{"rendered":"<p>LIKWIDATOR Stowarzyszenia Przyjaci\u00f3\u0142 Szko\u0142y i Przedszkola w Baranowicach, wpisanego do Krajowego Rejestru S\u0105dowego pod numerem 0000 403984 podaje do publicznej wiadomo\u015bci, \u017ce w dniu 01.01.2023 Nadzwyczajne Walne Zebranie\u00a0Cz\u0142onk\u00f3w Stowarzyszenia podj\u0119\u0142o uchwa\u0142\u0119 o rozwi\u0105zaniu Stowarzyszenia i jego likwidacji. Informacja o otwarciu likwidacji Stowarzyszenia zosta\u0142a wpisana do Krajowego Rejestru S\u0105dowego postanowieniem S\u0105du Rejonowego w Gliwicach X Wydzia\u0142 [&hellip;]<\/p>\n","protected":false},"author":11,"featured_media":0,"comment_status":"closed","ping_status":"open","sticky":false,"template":"","format":"standard","meta":{"_et_pb_use_builder":"","_et_pb_old_content":"","_et_gb_content_width":"","footnotes":""},"categories":[2],"tags":[],"class_list":["post-1084425","post","type-post","status-publish","format-standard","hentry","category-aktualnosci"],"_links":{"self":[{"href":"https:\/\/zsp5.zory.pl\/index.php?rest_route=\/wp\/v2\/posts\/1084425","targetHints":{"allow":["GET"]}}],"collection":[{"href":"https:\/\/zsp5.zory.pl\/index.php?rest_route=\/wp\/v2\/posts"}],"about":[{"href":"https:\/\/zsp5.zory.pl\/index.php?rest_route=\/wp\/v2\/types\/post"}],"author":[{"embeddable":true,"href":"https:\/\/zsp5.zory.pl\/index.php?rest_route=\/wp\/v2\/users\/11"}],"replies":[{"embeddable":true,"href":"https:\/\/zsp5.zory.pl\/index.php?rest_route=%2Fwp%2Fv2%2Fcomments&post=1084425"}],"version-history":[{"count":1,"href":"https:\/\/zsp5.zory.pl\/index.php?rest_route=\/wp\/v2\/posts\/1084425\/revisions"}],"predecessor-version":[{"id":1084426,"href":"https:\/\/zsp5.zory.pl\/index.php?rest_route=\/wp\/v2\/posts\/1084425\/revisions\/1084426"}],"wp:attachment":[{"href":"https:\/\/zsp5.zory.pl\/index.php?rest_route=%2Fwp%2Fv2%2Fmedia&parent=1084425"}],"wp:term":[{"taxonomy":"category","embeddable":true,"href":"https:\/\/zsp5.zory.pl\/index.php?rest_route=%2Fwp%2Fv2%2Fcategories&post=1084425"},{"taxonomy":"post_tag","embeddable":true,"href":"https:\/\/zsp5.zory.pl\/index.php?rest_route=%2Fwp%2Fv2%2Ftags&post=1084425"}],"curies":[{"name":"wp","href":"https:\/\/api.w.org\/{rel}","templated":true}]}}