{"id":1084421,"date":"2023-10-25T17:48:51","date_gmt":"2023-10-25T15:48:51","guid":{"rendered":"https:\/\/zsp5.zory.pl\/?p=1084421"},"modified":"2023-10-25T19:59:38","modified_gmt":"2023-10-25T17:59:38","slug":"kolejny-sukces-tym-razem-naszych-recytatorow","status":"publish","type":"post","link":"https:\/\/zsp5.zory.pl\/?p=1084421","title":{"rendered":"Kolejny sukces! Tym razem naszych recytator\u00f3w"},"content":{"rendered":"\n<p>Dnia 25.10.2023 r. w Miejskim O\u015brodku Kultury w \u017borach w ramach cyklu &#8222;Patriotyzm na co dzie\u0144 i od \u015bwi\u0119ta&#8221; odby\u0142 si\u0119 Powiatowy konkurs poezji i prozy patriotycznej. Nasi uczniowie \u015bwietnie si\u0119 zaprezentowali. W kategorii kl. 6-8 Maja Wi\u015bniewska zdoby\u0142a I miejsce, a Tymoteusz Kula uplasowa\u0142 si\u0119 na II miejscu. Do konkursu uczni\u00f3w przygotowa\u0142y panie: Renata Ga\u0142u\u017cna, El\u017cbieta Krakowiak i Sabina Wi\u015bniewska.<\/p>\n","protected":false},"excerpt":{"rendered":"<p>Dnia 25.10.2023 r. w Miejskim O\u015brodku Kultury w \u017borach w ramach cyklu &#8222;Patriotyzm na co dzie\u0144 i od \u015bwi\u0119ta&#8221; odby\u0142 si\u0119 Powiatowy konkurs poezji i prozy patriotycznej. Nasi uczniowie \u015bwietnie si\u0119 zaprezentowali. W kategorii kl. 6-8 Maja Wi\u015bniewska zdoby\u0142a I miejsce, a Tymoteusz Kula uplasowa\u0142 si\u0119 na II miejscu. Do konkursu uczni\u00f3w przygotowa\u0142y panie: Renata [&hellip;]<\/p>\n","protected":false},"author":11,"featured_media":0,"comment_status":"closed","ping_status":"open","sticky":false,"template":"","format":"standard","meta":{"_et_pb_use_builder":"","_et_pb_old_content":"","_et_gb_content_width":"","footnotes":""},"categories":[2,179],"tags":[],"class_list":["post-1084421","post","type-post","status-publish","format-standard","hentry","category-aktualnosci","category-sukcesy-uczniow"],"_links":{"self":[{"href":"https:\/\/zsp5.zory.pl\/index.php?rest_route=\/wp\/v2\/posts\/1084421","targetHints":{"allow":["GET"]}}],"collection":[{"href":"https:\/\/zsp5.zory.pl\/index.php?rest_route=\/wp\/v2\/posts"}],"about":[{"href":"https:\/\/zsp5.zory.pl\/index.php?rest_route=\/wp\/v2\/types\/post"}],"author":[{"embeddable":true,"href":"https:\/\/zsp5.zory.pl\/index.php?rest_route=\/wp\/v2\/users\/11"}],"replies":[{"embeddable":true,"href":"https:\/\/zsp5.zory.pl\/index.php?rest_route=%2Fwp%2Fv2%2Fcomments&post=1084421"}],"version-history":[{"count":1,"href":"https:\/\/zsp5.zory.pl\/index.php?rest_route=\/wp\/v2\/posts\/1084421\/revisions"}],"predecessor-version":[{"id":1084422,"href":"https:\/\/zsp5.zory.pl\/index.php?rest_route=\/wp\/v2\/posts\/1084421\/revisions\/1084422"}],"wp:attachment":[{"href":"https:\/\/zsp5.zory.pl\/index.php?rest_route=%2Fwp%2Fv2%2Fmedia&parent=1084421"}],"wp:term":[{"taxonomy":"category","embeddable":true,"href":"https:\/\/zsp5.zory.pl\/index.php?rest_route=%2Fwp%2Fv2%2Fcategories&post=1084421"},{"taxonomy":"post_tag","embeddable":true,"href":"https:\/\/zsp5.zory.pl\/index.php?rest_route=%2Fwp%2Fv2%2Ftags&post=1084421"}],"curies":[{"name":"wp","href":"https:\/\/api.w.org\/{rel}","templated":true}]}}