{"id":1084416,"date":"2023-10-25T10:20:44","date_gmt":"2023-10-25T08:20:44","guid":{"rendered":"https:\/\/zsp5.zory.pl\/?p=1084416"},"modified":"2023-10-25T10:23:15","modified_gmt":"2023-10-25T08:23:15","slug":"absurd-nie-czytac-noc-bibliotek-za-nami","status":"publish","type":"post","link":"https:\/\/zsp5.zory.pl\/?p=1084416","title":{"rendered":"\u201eABSURD NIE CZYTA\u0106\u201d \u2013 NOC BIBLIOTEK ZA NAMI!"},"content":{"rendered":"\n<p><\/p>\n\n\n\n<p>ABSURD NIE CZYTA\u0106 &#8211; pod takim has\u0142em odby\u0142a si\u0119 tegoroczna Noc Bibliotek zorganizowana wsp\u00f3lnie przez bibliotek\u0119 szkoln\u0105. Noc bibliotek to og\u00f3lnopolska wieczorno \u2013 nocna akcja, kt\u00f3ra w niekwestionowany spos\u00f3b promuje czytanie oraz odwiedzanie bibliotek i szko\u0142y o nietypowych godzinach.<\/p>\n\n\n\n<p>Zgodnie z zapowiedzi\u0105 19 pa\u017adziernika 2023 roku od godz. 18.00 do 20.10.2023 r. do godz. 7.30 w naszej szkole odby\u0142a si\u0119 impreza czytelniczo-integracyjna Noc Bibliotek. Wzi\u0119\u0142o w niej udzia\u0142 70 uczestnik\u00f3w oraz zaproszeni go\u015bcie. Do naszej akcji przy\u0142\u0105czyli si\u0119 sprzymierze\u0144cy szko\u0142y: dyrektor Delegatury Kuratorium O\u015bwiaty w Rybniku pan Ireneusz Komorowski, radny Rady Miasta \u017bory pan Krzysztof Mentlik, przedstawiciel Rady Rodzic\u00f3w Szko\u0142y Podstawowej nr 5 w \u017borach p. Barbara Suchanek oraz Harcerze dzia\u0142aj\u0105cy w Hufcu ZHP \u017bory.<\/p>\n\n\n\n<p>Czwartkowy wiecz\u00f3r uprzyjemni\u0142y r\u00f3\u017cnorodne atrakcje przygotowane przez szkoln\u0105 bibliotek\u0119 oraz nauczycieli. Imprez\u0119 rozpocz\u0119to od odczytania wiersza pt. \u201eLokomotywa\u201d Juliana Tuwima z podzia\u0142em na role przez Pani\u0105 Dyrektor Renat\u0119 Ga\u0142u\u017cn\u0105, Pani\u0105 Wicedyrektor Anet\u0119 Sobaszek, uczni\u00f3w, nauczycieli i zaproszonych go\u015bci. Nast\u0119pnie zaproszeni go\u015bcie przedstawili opowiadanie Justyny Bednarek \u201cTy te\u017c mo\u017cesz uratowa\u0107 \u015bwiat. Ekoopowie\u015bci z Pietruszkowej Woli. Opowie\u015b\u0107 o przybyszach z planety Folia\u201d, zwracaj\u0105c uwag\u0119 na problem wszechobecnego wok\u00f3\u0142 nas plastiku. Kolejnym punktem programu by\u0142y gry i zabawy ruchowe (skoki przez skakank\u0119, zabawa z hula \u2013 hop, doskonalenie umiej\u0119tno\u015bci element\u00f3w gry w tenisa sto\u0142owego), &#8222;Wygibajtus\u201d, \u0142amig\u0142\u00f3wki j\u0119zykowe (szyfry, sudoku, wykre\u015blanki, story cubes), minidisco, kino Nocy Bibliotek. To by\u0142 wspania\u0142y czas! Nie mo\u017cemy si\u0119 ju\u017c doczeka\u0107 kolejnej edycji Nocy Bibliotek w naszej szkole!<\/p>\n\n\n\n<p>Dzi\u0119kujemy firmie Pa\u0144stwa Winkler AS Vending z \u017bor za przygotowanie pysznych kanapek na \u015bniadanie oraz Radzie Rodzic\u00f3w Szko\u0142y Podstawowej nr 5 w \u017borach za zakup kie\u0142basek na kolacj\u0119. Ponadto dzi\u0119kujemy wszystkim, kt\u00f3rzy pomogli w organizacji tego przedsi\u0119wzi\u0119cia.<\/p>\n\n\n\n<p>Og\u00f3lnopolska akcja Noc Bibliotek ju\u017c po raz dziewi\u0105ty jest organizowana przez Centrum Edukacji Obywatelskiej. Corocznie na stronie internetowej <a rel=\"noreferrer noopener\" href=\"https:\/\/nocbibliotek.ceo.org.pl\/mapa-prosta\/?fbclid=IwAR3dyrJR_A2uYSB0WUHgF0f-xI47T6drx7mItin1Vv2W3vrC32AZ2PqLQIo\" target=\"_blank\">https:\/\/nocbibliotek.ceo.org.pl\/mapa-prosta\/<\/a> powstaje mapa wszystkich bibliotek uczestnicz\u0105cych w akcji.<\/p>\n\n\n\n<p>Relacja z wydarzenia: <\/p>\n\n\n\n<p><a href=\"https:\/\/www.facebook.com\/100085906780262\/videos\/1296282631028145\">https:\/\/www.facebook.com\/100085906780262\/videos\/1296282631028145<\/a><\/p>\n","protected":false},"excerpt":{"rendered":"<p>ABSURD NIE CZYTA\u0106 &#8211; pod takim has\u0142em odby\u0142a si\u0119 tegoroczna Noc Bibliotek zorganizowana wsp\u00f3lnie przez bibliotek\u0119 szkoln\u0105. Noc bibliotek to og\u00f3lnopolska wieczorno \u2013 nocna akcja, kt\u00f3ra w niekwestionowany spos\u00f3b promuje czytanie oraz odwiedzanie bibliotek i szko\u0142y o nietypowych godzinach. Zgodnie z zapowiedzi\u0105 19 pa\u017adziernika 2023 roku od godz. 18.00 do 20.10.2023 r. do godz. 7.30 [&hellip;]<\/p>\n","protected":false},"author":11,"featured_media":0,"comment_status":"closed","ping_status":"open","sticky":false,"template":"","format":"standard","meta":{"_et_pb_use_builder":"","_et_pb_old_content":"","_et_gb_content_width":"","footnotes":""},"categories":[217],"tags":[],"class_list":["post-1084416","post","type-post","status-publish","format-standard","hentry","category-biblioteka_blog"],"_links":{"self":[{"href":"https:\/\/zsp5.zory.pl\/index.php?rest_route=\/wp\/v2\/posts\/1084416","targetHints":{"allow":["GET"]}}],"collection":[{"href":"https:\/\/zsp5.zory.pl\/index.php?rest_route=\/wp\/v2\/posts"}],"about":[{"href":"https:\/\/zsp5.zory.pl\/index.php?rest_route=\/wp\/v2\/types\/post"}],"author":[{"embeddable":true,"href":"https:\/\/zsp5.zory.pl\/index.php?rest_route=\/wp\/v2\/users\/11"}],"replies":[{"embeddable":true,"href":"https:\/\/zsp5.zory.pl\/index.php?rest_route=%2Fwp%2Fv2%2Fcomments&post=1084416"}],"version-history":[{"count":3,"href":"https:\/\/zsp5.zory.pl\/index.php?rest_route=\/wp\/v2\/posts\/1084416\/revisions"}],"predecessor-version":[{"id":1084419,"href":"https:\/\/zsp5.zory.pl\/index.php?rest_route=\/wp\/v2\/posts\/1084416\/revisions\/1084419"}],"wp:attachment":[{"href":"https:\/\/zsp5.zory.pl\/index.php?rest_route=%2Fwp%2Fv2%2Fmedia&parent=1084416"}],"wp:term":[{"taxonomy":"category","embeddable":true,"href":"https:\/\/zsp5.zory.pl\/index.php?rest_route=%2Fwp%2Fv2%2Fcategories&post=1084416"},{"taxonomy":"post_tag","embeddable":true,"href":"https:\/\/zsp5.zory.pl\/index.php?rest_route=%2Fwp%2Fv2%2Ftags&post=1084416"}],"curies":[{"name":"wp","href":"https:\/\/api.w.org\/{rel}","templated":true}]}}