{"id":1022,"date":"2021-11-28T14:27:35","date_gmt":"2021-11-28T13:27:35","guid":{"rendered":"http:\/\/zsp5.zory.pl\/?p=1022"},"modified":"2021-11-28T14:27:35","modified_gmt":"2021-11-28T13:27:35","slug":"rola-przedszkola-w-rozwoju-dziecka","status":"publish","type":"post","link":"https:\/\/zsp5.zory.pl\/?p=1022","title":{"rendered":"Rola przedszkola w rozwoju dziecka"},"content":{"rendered":"\n<div class=\"wp-block-image\"><figure class=\"aligncenter size-full is-resized\"><img loading=\"lazy\" decoding=\"async\" src=\"http:\/\/zsp5.zory.pl\/wp-content\/uploads\/2021\/11\/image-9.png\" alt=\"\" class=\"wp-image-1024\" width=\"515\" height=\"201\" srcset=\"http:\/\/zsp5.zory.pl\/wp-content\/uploads\/2021\/11\/image-9.png 515w, http:\/\/zsp5.zory.pl\/wp-content\/uploads\/2021\/11\/image-9-480x187.png 480w\" sizes=\"(min-width: 0px) and (max-width: 480px) 480px, (min-width: 481px) 515px, 100vw\" \/><\/figure><\/div>\n\n\n\n<p>Przedszkole jest pierwsz\u0105 plac\u00f3wka, z kt\u00f3r\u0105 dziecko spotyka si\u0119 na pocz\u0105tku swojej drogi edukacyjnej. Zacznijmy zatem od wyja\u015bnienia terminu: przedszkole. Przedszkole jest to instytucja opieku\u0144czo-wychowawcza dla dzieci od 3 lat do rozpocz\u0119cia nauki szkolnej, wspieraj\u0105ca wychowanie rodzinne. Ka\u017cda plac\u00f3wka o\u015bwiatowa ma do zrealizowania okre\u015blone dla swojej dzia\u0142alno\u015bci cele.<\/p>\n\n\n\n<p><strong>\u201eG\u0142\u00f3wnymi celami nowego programu wychowania przedszkolnego s\u0105:<\/strong><\/p>\n\n\n\n<ul class=\"wp-block-list\"><li>wielostronny rozw\u00f3j dziecka,<\/li><\/ul>\n\n\n\n<ul class=\"wp-block-list\"><li>monitorowanie i stymulowanie rozwoju psychicznego, emocjonalnego, spo\u0142ecznego, umys\u0142owego,<\/li><\/ul>\n\n\n\n<ul class=\"wp-block-list\"><li>kszta\u0142cenie uniwersalnych umiej\u0119tno\u015bci odpowiednio do fazy rozwoju dziecka,<\/li><\/ul>\n\n\n\n<ul class=\"wp-block-list\"><li>prawo do r\u00f3wnego startu dla wszystkich dzieci,<\/li><\/ul>\n\n\n\n<ul class=\"wp-block-list\"><li>udzia\u0142 w promowaniu opieki zdrowotnej, uwzgl\u0119dniaj\u0105cej wczesne wykrywanie grup ryzyka zdrowotnego, spo\u0142ecznego i ekologicznego,<\/li><li>konstruktywna wsp\u00f3\u0142praca mi\u0119dzy przedszkolem i rodzin\u0105 (jedno\u015b\u0107 cel\u00f3w&nbsp;i zada\u0144),<\/li><\/ul>\n\n\n\n<ul class=\"wp-block-list\"><li>spontaniczne i zorganizowane wychowanie dziecka realizowane we wsp\u00f3\u0142pracy z r\u00f3wie\u015bnikami i doros\u0142ymi,<\/li><\/ul>\n\n\n\n<ul class=\"wp-block-list\"><li>zabawa jako g\u0142\u00f3wna aktywno\u015b\u0107 dziecka przedszkolnego \u2013 jej niezale\u017cny&nbsp;i tw\u00f3rczy charakter,<\/li><\/ul>\n\n\n\n<ul class=\"wp-block-list\"><li>pomoc dzieciom w stwarzaniu przez nie pozytywnego obrazu samego siebie (w tym szacunku dla siebie i innych) oraz rozumienia i szanowania tych, kt\u00f3rzy r\u00f3\u017cni\u0105 si\u0119 od nich p\u0142ci\u0105, ras\u0105, kultur\u0105, sytuacj\u0105 ekonomiczn\u0105\u201d<\/li><\/ul>\n\n\n\n<p>W oparciu o te cele nauczyciele realizuj\u0105 zadania dostosowane do potrzeb&nbsp;&nbsp;i mo\u017cliwo\u015bci rozwojowych dziecka w ramach okre\u015blonych obszar\u00f3w edukacyjnych. Przekraczaj\u0105c pr\u00f3g przedszkola dziecko staje przed nowymi wyzwaniami, kt\u00f3re musi pokona\u0107. Pierwszym z nich jest d\u0105\u017cenie do samodzielno\u015bci dziecka. Dzi\u0119ki samodzielno\u015bci dziecko nabiera wiary w siebie i swoje mo\u017cliwo\u015bci. Staje si\u0119 coraz bardziej sprawne&nbsp;i niezale\u017cne od otoczenia.&nbsp;&nbsp;Z obserwacji nauczycieli wynika, \u017ce samodzielne dzieci lepiej znosz\u0105 roz\u0142\u0105k\u0119 z rodzicami, a tym samym szybciej i bez negatywnych emocji zaaklimatyzowuj\u0105 si\u0119 w przedszkolu.<br>&nbsp;&nbsp;&nbsp;<\/p>\n\n\n\n<p>Bogaty program edukacyjny realizowany w przedszkolu dostarcza dzieciom wiele informacji o otaczaj\u0105cym je \u015bwiecie i praw nim rz\u0105dz\u0105cych. Dzieci uczestnicz\u0105c w r\u00f3\u017cnych, atrakcyjnych zaj\u0119ciach rozwijaj\u0105 zdolno\u015bci j\u0119zykowe, tw\u00f3rcze i artystyczne. Doskonal\u0105 sprawno\u015b\u0107 manualn\u0105&nbsp;i ruchow\u0105. Ucz\u0105 si\u0119 czyta\u0107, pisa\u0107 i liczy\u0107. Dzia\u0142ania te zmierzaj\u0105 do osi\u0105gni\u0119cia przez dziecko dojrza\u0142o\u015bci szkolnej.<\/p>\n\n\n\n<p>Ka\u017cde dziecko rozwija si\u0119 w charakterystycznym dla siebie tempie&nbsp;i rytmie. Skutkiem tych dysharmonii rozwojowych jest osi\u0105gni\u0119cie gotowo\u015bci szkolnej w ro\u017cnym wieku dziecka. Zadaniem nauczyciela jest jak najwcze\u015bniejsze wychwycenie i wyr\u00f3wnanie dysproporcji w rozwoju. Przedszkole jest dobrym miejscem do tego typu dzia\u0142a\u0144, gdy\u017c nauczyciel znaj\u0105c mo\u017cliwo\u015bci i braki w rozwoju dziecka, mo\u017ce po\u015bwi\u0119ci\u0107 wi\u0119cej czasu na podniesienie jego poziomu intelektualnego. Dodatkow\u0105 zalet\u0105 jest to, \u017ce dokonywane zmiany zachodz\u0105 w znanym dla dziecka \u015brodowisku, przez co nie nara\u017camy je na stres jaki mia\u0142oby w szkole.<\/p>\n\n\n\n<p>Mo\u017cliwo\u015b\u0107 przebywania z r\u00f3wie\u015bnikami przy\u015bpiesza socjalizacj\u0119 dziecka. Przedszkole uczy pracy zespo\u0142owej i wsp\u00f3\u0142pracy w zabawie. Dziecko poznaje te\u017c zasady \u017cycia w grupie, sprzyja to uczeniu si\u0119 technik oraz sposob\u00f3w rozwi\u0105zywania konflikt\u00f3w i negocjacji. Natomiast wsp\u00f3lne zabawy i zaj\u0119cia w grupie przyczyniaj\u0105 si\u0119 do nauki takich warto\u015bci, jak: tolerancja, szacunek dla drugiego cz\u0142owieka i ch\u0119\u0107 niesienia pomocy.&nbsp;W przedszkolu zauwa\u017ca si\u0119 pierwsze oznaki zachowania prospo\u0142ecznego. Przejawiaj\u0105 si\u0119 one w formie pocieszania, wsp\u00f3\u0142czucia, dzielenia si\u0119&nbsp;i pomagania innym ludziom.<\/p>\n\n\n\n<p>Badania potwierdzaj\u0105, \u017ce dzieci kt\u00f3re we wczesnym dzieci\u0144stwie chodzi\u0142y przez kilka lat do przedszkola, lepiej radz\u0105 sobie w szkole jak i w \u017cyciu. Dzieci te w spos\u00f3b znaczny przewy\u017cszaj\u0105, pod wzgl\u0119dem wiedzy&nbsp;&nbsp;&nbsp;i posiadanych umiej\u0119tno\u015bci, koleg\u00f3w kt\u00f3rzy nie chodzili do przedszkola.<br>Nale\u017cy zatem pami\u0119ta\u0107, \u017ce przedszkole nie tylko bawi, ale przede wszystkim uczy i wychowuje nowe pokolenie ludzi. Dlatego te\u017c warto jak najwcze\u015bniej zapisa\u0107 dziecko do przedszkola i spokojnie obserwowa\u0107 jego post\u0119py w rozwoju.<\/p>\n","protected":false},"excerpt":{"rendered":"<p>Przedszkole jest pierwsz\u0105 plac\u00f3wka, z kt\u00f3r\u0105 dziecko spotyka si\u0119 na pocz\u0105tku swojej drogi edukacyjnej.<\/p>\n","protected":false},"author":3,"featured_media":0,"comment_status":"closed","ping_status":"open","sticky":false,"template":"","format":"standard","meta":{"_et_pb_use_builder":"","_et_pb_old_content":"","_et_gb_content_width":"","footnotes":""},"categories":[2,18],"tags":[44,57],"class_list":["post-1022","post","type-post","status-publish","format-standard","hentry","category-aktualnosci","category-wiedza-i-wychowanie","tag-edukacja","tag-rozwoj-dziecka"],"_links":{"self":[{"href":"https:\/\/zsp5.zory.pl\/index.php?rest_route=\/wp\/v2\/posts\/1022","targetHints":{"allow":["GET"]}}],"collection":[{"href":"https:\/\/zsp5.zory.pl\/index.php?rest_route=\/wp\/v2\/posts"}],"about":[{"href":"https:\/\/zsp5.zory.pl\/index.php?rest_route=\/wp\/v2\/types\/post"}],"author":[{"embeddable":true,"href":"https:\/\/zsp5.zory.pl\/index.php?rest_route=\/wp\/v2\/users\/3"}],"replies":[{"embeddable":true,"href":"https:\/\/zsp5.zory.pl\/index.php?rest_route=%2Fwp%2Fv2%2Fcomments&post=1022"}],"version-history":[{"count":1,"href":"https:\/\/zsp5.zory.pl\/index.php?rest_route=\/wp\/v2\/posts\/1022\/revisions"}],"predecessor-version":[{"id":1025,"href":"https:\/\/zsp5.zory.pl\/index.php?rest_route=\/wp\/v2\/posts\/1022\/revisions\/1025"}],"wp:attachment":[{"href":"https:\/\/zsp5.zory.pl\/index.php?rest_route=%2Fwp%2Fv2%2Fmedia&parent=1022"}],"wp:term":[{"taxonomy":"category","embeddable":true,"href":"https:\/\/zsp5.zory.pl\/index.php?rest_route=%2Fwp%2Fv2%2Fcategories&post=1022"},{"taxonomy":"post_tag","embeddable":true,"href":"https:\/\/zsp5.zory.pl\/index.php?rest_route=%2Fwp%2Fv2%2Ftags&post=1022"}],"curies":[{"name":"wp","href":"https:\/\/api.w.org\/{rel}","templated":true}]}}